{"id":88,"date":"2025-12-01T09:28:00","date_gmt":"2025-12-01T08:28:00","guid":{"rendered":"http:\/\/blog.planetcostadorada.com\/vacaciones-semana-santa-2019\/"},"modified":"2026-02-10T13:14:42","modified_gmt":"2026-02-10T12:14:42","slug":"vacaciones-semana-santa-2019","status":"publish","type":"post","link":"https:\/\/blog.planetcostadorada.com\/fr\/vacaciones-semana-santa-2019\/","title":{"rendered":"\ud83c\udf38Vacances de P\u00e2ques sur la Costa Dorada : Soleil, Plage et Plaisir en Famille !\ud83c\udfd6\ufe0f\ud83c\udfa2"},"content":{"rendered":"<p class=\"\" data-start=\"196\" data-end=\"584\">\u00c0 la recherche d\u2019une escapade pour <strong data-start=\"231\" data-end=\"262\">les vacances de P\u00e2ques 2026<\/strong>\u00a0? \ud83c\udf1e\ud83d\udc23 La <strong data-start=\"273\" data-end=\"289\">Costa Dorada<\/strong> est la destination id\u00e9ale pour <strong data-start=\"321\" data-end=\"340\">faire une pause<\/strong>, profiter du beau temps et vivre des moments inoubliables. Que ce soit \u00e0 <strong data-start=\"414\" data-end=\"446\">Salou, Cambrils ou La Pineda<\/strong>, vous y trouverez <strong data-start=\"465\" data-end=\"544\">des plages magnifiques, des parcs d\u2019attractions, une gastronomie savoureuse<\/strong> et des activit\u00e9s pour toute la famille.<\/p>\n<p class=\"\" data-start=\"586\" data-end=\"696\">Pas encore de programme ? Voici toutes les raisons de pr\u00e9parer les valises et de partir vers la M\u00e9diterran\u00e9e !<\/p>\n<hr class=\"\" data-start=\"698\" data-end=\"701\" \/>\n<h3 class=\"\" data-start=\"703\" data-end=\"758\">\ud83c\udfd6\ufe0f Soleil et Plages pendant les vacances de P\u00e2ques<\/h3>\n<p class=\"\" data-start=\"760\" data-end=\"995\">La Costa Dorada, c\u2019est <strong data-start=\"783\" data-end=\"838\">des kilom\u00e8tres de sable dor\u00e9 et une mer cristalline<\/strong>. En avril, le climat est doux : parfait pour une promenade en bord de mer, des jeux avec les enfants sur la plage ou un moment de d\u00e9tente au son des vagues.<\/p>\n<p class=\"\" data-start=\"997\" data-end=\"1153\">\ud83c\udf34 <strong data-start=\"1000\" data-end=\"1009\">Salou<\/strong> : Les plages de Llevant et de Ponent sont id\u00e9ales pour marcher les pieds dans l\u2019eau ou prendre un verre en terrasse dans l\u2019un des chiringuitos.<\/p>\n<p class=\"\" data-start=\"1155\" data-end=\"1278\">\ud83c\udf0a <strong data-start=\"1158\" data-end=\"1171\">La Pineda<\/strong> : Ambiance paisible et familiale, avec ses larges plages et sa promenade parfaite pour les balades \u00e0 v\u00e9lo.<\/p>\n<p class=\"\" data-start=\"1280\" data-end=\"1448\">\ud83d\udc1f <strong data-start=\"1283\" data-end=\"1295\">Cambrils<\/strong> : En plus de ses plages, c\u2019est un v\u00e9ritable paradis pour les amateurs de bonne cuisine, avec ses c\u00e9l\u00e8bres plats de riz et ses fruits de mer ultra frais.<\/p>\n<hr class=\"\" data-start=\"1450\" data-end=\"1453\" \/>\n<h3 class=\"\" data-start=\"1455\" data-end=\"1500\">\ud83c\udfa2 Fun et adr\u00e9naline \u00e0 PortAventura World<\/h3>\n<p class=\"\" data-start=\"1502\" data-end=\"1705\">En famille, difficile de passer \u00e0 c\u00f4t\u00e9 de <strong><a href=\"https:\/\/blog.planetcostadorada.com\/fr\/portaventura\/\" target=\"_blank\" rel=\"noopener\">PortAventura World,<\/a><\/strong> le parc \u00e0 th\u00e8me le plus c\u00e9l\u00e8bre d\u2019Espagne. Pour les vacances de P\u00e2ques 2026, il revient avec <strong data-start=\"1661\" data-end=\"1703\">de nouvelles attractions et spectacles<\/strong> !<\/p>\n<p class=\"\" data-start=\"1707\" data-end=\"1804\">\ud83c\udfa2 <strong data-start=\"1710\" data-end=\"1731\">PortAventura Park<\/strong> : Sensations fortes garanties avec Shambhala ou le mythique Dragon Khan.<\/p>\n<p class=\"\" data-start=\"1806\" data-end=\"1926\">\ud83c\udfa1 <strong data-start=\"1809\" data-end=\"1825\">Ferrari Land<\/strong> : Vitesse et adr\u00e9naline avec Red Force, <strong data-start=\"1866\" data-end=\"1925\">la plus haute et la plus rapide montagne russe d\u2019Europe<\/strong>.<\/p>\n<p class=\"\" data-start=\"1928\" data-end=\"2040\">\ud83c\udf0a <strong data-start=\"1931\" data-end=\"1954\">Caribe Aquatic Park<\/strong> : Si le soleil est au rendez-vous, une journ\u00e9e dans ce parc aquatique, c\u2019est le top !<\/p>\n<hr class=\"\" data-start=\"2042\" data-end=\"2045\" \/>\n<h3 class=\"\" data-start=\"2047\" data-end=\"2091\">\ud83c\udf7d\ufe0f Gastronomie et traditions \u00e0 Cambrils<\/h3>\n<p class=\"\" data-start=\"2093\" data-end=\"2312\">Pour les passionn\u00e9s de gastronomie, <strong data-start=\"2129\" data-end=\"2170\">Cambrils est une \u00e9tape incontournable<\/strong>. R\u00e9put\u00e9e comme la <strong data-start=\"2189\" data-end=\"2234\">capitale gastronomique de la Costa Dorada<\/strong>, on y d\u00e9guste poissons, fruits de mer, et <strong data-start=\"2277\" data-end=\"2311\">les meilleurs riz de la r\u00e9gion<\/strong>.<\/p>\n<p class=\"\" data-start=\"2314\" data-end=\"2470\">Et pendant la Semaine Sainte, <strong data-start=\"2344\" data-end=\"2397\">plusieurs processions et c\u00e9l\u00e9brations religieuses<\/strong> prennent place dans la ville, pour un moment de tradition et de culture.<\/p>\n<hr class=\"\" data-start=\"2472\" data-end=\"2475\" \/>\n<h3 class=\"\" data-start=\"2477\" data-end=\"2524\">\ud83d\udeb4 Activit\u00e9s en plein air et tourisme actif<\/h3>\n<p class=\"\" data-start=\"2526\" data-end=\"2617\">En plus de la mer, la Costa Dorada est parfaite pour les amoureux de nature et d\u2019aventure :<\/p>\n<p class=\"\" data-start=\"2619\" data-end=\"2715\">\ud83d\udeb6\u200d\u2642\ufe0f <strong data-start=\"2625\" data-end=\"2655\">Le Camino de Ronda \u00e0 Salou<\/strong> : Un sentier c\u00f4tier avec des panoramas \u00e0 couper le souffle.<\/p>\n<p class=\"\" data-start=\"2717\" data-end=\"2837\">\ud83d\udeb2 <strong data-start=\"2720\" data-end=\"2762\">Balade \u00e0 v\u00e9lo entre La Pineda et Salou<\/strong> : Des pistes cyclables s\u00e9curis\u00e9es et de superbes points de vue sur la mer.<\/p>\n<p class=\"\" data-start=\"2839\" data-end=\"3002\">\ud83c\udfde\ufe0f <strong data-start=\"2843\" data-end=\"2875\">Excursion au Delta de l\u2019\u00c8bre<\/strong> : \u00c0 moins d\u2019une heure de route, on peut y observer des flamants roses, faire du kayak ou go\u00fbter l\u2019incontournable riz du Delta.<\/p>\n<hr class=\"\" data-start=\"3004\" data-end=\"3007\" \/>\n<h3 class=\"\" data-start=\"3009\" data-end=\"3062\">\ud83c\udfe1 O\u00f9 loger pendant les vacances de P\u00e2ques ?<\/h3>\n<p class=\"\" data-start=\"3064\" data-end=\"3350\">Chez <strong data-start=\"3069\" data-end=\"3092\">Planet Costa Dorada<\/strong>, tout est pr\u00e9vu pour un s\u00e9jour parfait, en famille, entre amis ou en couple.<br data-start=\"3169\" data-end=\"3172\" \/>Appartements avec vue mer, villas avec piscine priv\u00e9e, maisons tout confort\u2026 il y en a pour tous les go\u00fbts, avec toujours <strong data-start=\"3294\" data-end=\"3349\">la garantie d\u2019un s\u00e9jour tranquille et bien organis\u00e9<\/strong>.<\/p>\n<p class=\"\" data-start=\"3352\" data-end=\"3512\">\ud83c\udf1f <strong data-start=\"3355\" data-end=\"3448\">R\u00e9servez d\u00e8s maintenant sur <a class=\"\" href=\"http:\/\/www.planetcostadorada.com\" target=\"_new\" rel=\"noopener\" data-start=\"3385\" data-end=\"3446\">www.planetcostadorada.com<\/a><\/strong> et profitez des meilleures offres pour les vacances de P\u00e2ques !<\/p>\n<hr class=\"\" data-start=\"3514\" data-end=\"3517\" \/>\n<p class=\"\" data-start=\"3519\" data-end=\"3641\">\ud83d\udccc <strong data-start=\"3522\" data-end=\"3548\">Alors, pr\u00eat \u00e0 partir ?<\/strong> Les vacances de P\u00e2ques sont tr\u00e8s demand\u00e9es\u2026 <strong data-start=\"3593\" data-end=\"3639\">ne tardez pas \u00e0 r\u00e9server votre h\u00e9bergement<\/strong> !<\/p>\n","protected":false},"excerpt":{"rendered":"<p>\u00c0 la recherche d\u2019une escapade pour les vacances de P\u00e2ques 2026\u00a0? \ud83c\udf1e\ud83d\udc23 La Costa Dorada est la destination id\u00e9ale pour&#8230;<\/p>\n","protected":false},"author":2,"featured_media":77,"comment_status":"closed","ping_status":"closed","sticky":false,"template":"","format":"standard","meta":{"footnotes":""},"categories":[390,36],"tags":[90,56,93],"class_list":["post-88","post","type-post","status-publish","format-standard","has-post-thumbnail","hentry","category-que-faire-sur-la-costa-dorada","category-actividades","tag-cambrils-fr","tag-salou-fr","tag-vacaciones-fr"],"yoast_head":"<!-- This site is optimized with the Yoast SEO plugin v27.5 - https:\/\/yoast.com\/product\/yoast-seo-wordpress\/ -->\n<title>Vacances de P\u00e2ques 2026 en famille sur la Costa Dorada<\/title>\n<meta name=\"description\" content=\"Conseils pratiques pour partir \u00e0 P\u00e2ques 2026 sur la Costa Dorada avec des enfants : zones, activit\u00e9s et h\u00e9bergements familiaux.\" \/>\n<meta name=\"robots\" content=\"index, follow, max-snippet:-1, max-image-preview:large, max-video-preview:-1\" \/>\n<link rel=\"canonical\" href=\"https:\/\/blog.planetcostadorada.com\/fr\/vacaciones-semana-santa-2019\/\" \/>\n<meta property=\"og:locale\" content=\"fr_FR\" \/>\n<meta property=\"og:type\" content=\"article\" \/>\n<meta property=\"og:title\" content=\"Vacances de P\u00e2ques 2026 en famille sur la Costa Dorada\" \/>\n<meta property=\"og:description\" content=\"Conseils pratiques pour partir \u00e0 P\u00e2ques 2026 sur la Costa Dorada avec des enfants : zones, activit\u00e9s et h\u00e9bergements familiaux.\" \/>\n<meta property=\"og:url\" content=\"https:\/\/blog.planetcostadorada.com\/fr\/vacaciones-semana-santa-2019\/\" \/>\n<meta property=\"og:site_name\" content=\"Blog Planet Costa Dorada\" \/>\n<meta property=\"article:published_time\" content=\"2025-12-01T08:28:00+00:00\" \/>\n<meta property=\"article:modified_time\" content=\"2026-02-10T12:14:42+00:00\" \/>\n<meta property=\"og:image\" content=\"https:\/\/blog.planetcostadorada.com\/wp-content\/uploads\/2019\/03\/Vacaciones-Semana-Santa-01.jpg\" \/>\n\t<meta property=\"og:image:width\" content=\"1200\" \/>\n\t<meta property=\"og:image:height\" content=\"800\" \/>\n\t<meta property=\"og:image:type\" content=\"image\/jpeg\" \/>\n<meta name=\"author\" content=\"planetcostadorada\" \/>\n<meta name=\"twitter:card\" content=\"summary_large_image\" \/>\n<meta name=\"twitter:label1\" content=\"\u00c9crit par\" \/>\n\t<meta name=\"twitter:data1\" content=\"planetcostadorada\" \/>\n\t<meta name=\"twitter:label2\" content=\"Dur\u00e9e de lecture estim\u00e9e\" \/>\n\t<meta name=\"twitter:data2\" content=\"3 minutes\" \/>\n<script type=\"application\/ld+json\" class=\"yoast-schema-graph\">{\"@context\":\"https:\\\/\\\/schema.org\",\"@graph\":[{\"@type\":\"Article\",\"@id\":\"https:\\\/\\\/blog.planetcostadorada.com\\\/fr\\\/vacaciones-semana-santa-2019\\\/#article\",\"isPartOf\":{\"@id\":\"https:\\\/\\\/blog.planetcostadorada.com\\\/fr\\\/vacaciones-semana-santa-2019\\\/\"},\"author\":{\"name\":\"planetcostadorada\",\"@id\":\"https:\\\/\\\/blog.planetcostadorada.com\\\/#\\\/schema\\\/person\\\/ce36d900627b74f1fea23646d15eca3a\"},\"headline\":\"\ud83c\udf38Vacances de P\u00e2ques sur la Costa Dorada : Soleil, Plage et Plaisir en Famille !\ud83c\udfd6\ufe0f\ud83c\udfa2\",\"datePublished\":\"2025-12-01T08:28:00+00:00\",\"dateModified\":\"2026-02-10T12:14:42+00:00\",\"mainEntityOfPage\":{\"@id\":\"https:\\\/\\\/blog.planetcostadorada.com\\\/fr\\\/vacaciones-semana-santa-2019\\\/\"},\"wordCount\":590,\"image\":{\"@id\":\"https:\\\/\\\/blog.planetcostadorada.com\\\/fr\\\/vacaciones-semana-santa-2019\\\/#primaryimage\"},\"thumbnailUrl\":\"https:\\\/\\\/blog.planetcostadorada.com\\\/wp-content\\\/uploads\\\/2019\\\/03\\\/Vacaciones-Semana-Santa-01.jpg\",\"keywords\":[\"Cambrils\",\"Salou\",\"Vacaciones\"],\"articleSection\":[\"Que faire sur la Costa Dorada\",\"Qu\u00e9 hacer en Costa Dorada\"],\"inLanguage\":\"fr-FR\"},{\"@type\":\"WebPage\",\"@id\":\"https:\\\/\\\/blog.planetcostadorada.com\\\/fr\\\/vacaciones-semana-santa-2019\\\/\",\"url\":\"https:\\\/\\\/blog.planetcostadorada.com\\\/fr\\\/vacaciones-semana-santa-2019\\\/\",\"name\":\"Vacances de P\u00e2ques 2026 en famille sur la Costa Dorada\",\"isPartOf\":{\"@id\":\"https:\\\/\\\/blog.planetcostadorada.com\\\/#website\"},\"primaryImageOfPage\":{\"@id\":\"https:\\\/\\\/blog.planetcostadorada.com\\\/fr\\\/vacaciones-semana-santa-2019\\\/#primaryimage\"},\"image\":{\"@id\":\"https:\\\/\\\/blog.planetcostadorada.com\\\/fr\\\/vacaciones-semana-santa-2019\\\/#primaryimage\"},\"thumbnailUrl\":\"https:\\\/\\\/blog.planetcostadorada.com\\\/wp-content\\\/uploads\\\/2019\\\/03\\\/Vacaciones-Semana-Santa-01.jpg\",\"datePublished\":\"2025-12-01T08:28:00+00:00\",\"dateModified\":\"2026-02-10T12:14:42+00:00\",\"author\":{\"@id\":\"https:\\\/\\\/blog.planetcostadorada.com\\\/#\\\/schema\\\/person\\\/ce36d900627b74f1fea23646d15eca3a\"},\"description\":\"Conseils pratiques pour partir \u00e0 P\u00e2ques 2026 sur la Costa Dorada avec des enfants : zones, activit\u00e9s et h\u00e9bergements familiaux.\",\"breadcrumb\":{\"@id\":\"https:\\\/\\\/blog.planetcostadorada.com\\\/fr\\\/vacaciones-semana-santa-2019\\\/#breadcrumb\"},\"inLanguage\":\"fr-FR\",\"potentialAction\":[{\"@type\":\"ReadAction\",\"target\":[\"https:\\\/\\\/blog.planetcostadorada.com\\\/fr\\\/vacaciones-semana-santa-2019\\\/\"]}]},{\"@type\":\"ImageObject\",\"inLanguage\":\"fr-FR\",\"@id\":\"https:\\\/\\\/blog.planetcostadorada.com\\\/fr\\\/vacaciones-semana-santa-2019\\\/#primaryimage\",\"url\":\"https:\\\/\\\/blog.planetcostadorada.com\\\/wp-content\\\/uploads\\\/2019\\\/03\\\/Vacaciones-Semana-Santa-01.jpg\",\"contentUrl\":\"https:\\\/\\\/blog.planetcostadorada.com\\\/wp-content\\\/uploads\\\/2019\\\/03\\\/Vacaciones-Semana-Santa-01.jpg\",\"width\":1200,\"height\":800,\"caption\":\"D\u00f3nde Alojarte en Semana Santa 2025\"},{\"@type\":\"BreadcrumbList\",\"@id\":\"https:\\\/\\\/blog.planetcostadorada.com\\\/fr\\\/vacaciones-semana-santa-2019\\\/#breadcrumb\",\"itemListElement\":[{\"@type\":\"ListItem\",\"position\":1,\"name\":\"Home\",\"item\":\"https:\\\/\\\/blog.planetcostadorada.com\\\/\"},{\"@type\":\"ListItem\",\"position\":2,\"name\":\"\ud83c\udf38Vacances de P\u00e2ques sur la Costa Dorada : Soleil, Plage et Plaisir en Famille !\ud83c\udfd6\ufe0f\ud83c\udfa2\"}]},{\"@type\":\"WebSite\",\"@id\":\"https:\\\/\\\/blog.planetcostadorada.com\\\/#website\",\"url\":\"https:\\\/\\\/blog.planetcostadorada.com\\\/\",\"name\":\"Blog Planet Costa Dorada\",\"description\":\"Inspiraci\u00f3n para tus vacaciones en la Costa Dorada\",\"potentialAction\":[{\"@type\":\"SearchAction\",\"target\":{\"@type\":\"EntryPoint\",\"urlTemplate\":\"https:\\\/\\\/blog.planetcostadorada.com\\\/?s={search_term_string}\"},\"query-input\":{\"@type\":\"PropertyValueSpecification\",\"valueRequired\":true,\"valueName\":\"search_term_string\"}}],\"inLanguage\":\"fr-FR\"},{\"@type\":\"Person\",\"@id\":\"https:\\\/\\\/blog.planetcostadorada.com\\\/#\\\/schema\\\/person\\\/ce36d900627b74f1fea23646d15eca3a\",\"name\":\"planetcostadorada\",\"image\":{\"@type\":\"ImageObject\",\"inLanguage\":\"fr-FR\",\"@id\":\"https:\\\/\\\/secure.gravatar.com\\\/avatar\\\/0f9e6eb285fc4f9f85ce55f9b9fb4260221cbc0891780529c4a847381569f098?s=96&d=mm&r=g\",\"url\":\"https:\\\/\\\/secure.gravatar.com\\\/avatar\\\/0f9e6eb285fc4f9f85ce55f9b9fb4260221cbc0891780529c4a847381569f098?s=96&d=mm&r=g\",\"contentUrl\":\"https:\\\/\\\/secure.gravatar.com\\\/avatar\\\/0f9e6eb285fc4f9f85ce55f9b9fb4260221cbc0891780529c4a847381569f098?s=96&d=mm&r=g\",\"caption\":\"planetcostadorada\"},\"url\":\"https:\\\/\\\/blog.planetcostadorada.com\\\/fr\\\/author\\\/planetcostadorada\\\/\"}]}<\/script>\n<!-- \/ Yoast SEO plugin. -->","yoast_head_json":{"title":"Vacances de P\u00e2ques 2026 en famille sur la Costa Dorada","description":"Conseils pratiques pour partir \u00e0 P\u00e2ques 2026 sur la Costa Dorada avec des enfants : zones, activit\u00e9s et h\u00e9bergements familiaux.","robots":{"index":"index","follow":"follow","max-snippet":"max-snippet:-1","max-image-preview":"max-image-preview:large","max-video-preview":"max-video-preview:-1"},"canonical":"https:\/\/blog.planetcostadorada.com\/fr\/vacaciones-semana-santa-2019\/","og_locale":"fr_FR","og_type":"article","og_title":"Vacances de P\u00e2ques 2026 en famille sur la Costa Dorada","og_description":"Conseils pratiques pour partir \u00e0 P\u00e2ques 2026 sur la Costa Dorada avec des enfants : zones, activit\u00e9s et h\u00e9bergements familiaux.","og_url":"https:\/\/blog.planetcostadorada.com\/fr\/vacaciones-semana-santa-2019\/","og_site_name":"Blog Planet Costa Dorada","article_published_time":"2025-12-01T08:28:00+00:00","article_modified_time":"2026-02-10T12:14:42+00:00","og_image":[{"width":1200,"height":800,"url":"https:\/\/blog.planetcostadorada.com\/wp-content\/uploads\/2019\/03\/Vacaciones-Semana-Santa-01.jpg","type":"image\/jpeg"}],"author":"planetcostadorada","twitter_card":"summary_large_image","twitter_misc":{"\u00c9crit par":"planetcostadorada","Dur\u00e9e de lecture estim\u00e9e":"3 minutes"},"schema":{"@context":"https:\/\/schema.org","@graph":[{"@type":"Article","@id":"https:\/\/blog.planetcostadorada.com\/fr\/vacaciones-semana-santa-2019\/#article","isPartOf":{"@id":"https:\/\/blog.planetcostadorada.com\/fr\/vacaciones-semana-santa-2019\/"},"author":{"name":"planetcostadorada","@id":"https:\/\/blog.planetcostadorada.com\/#\/schema\/person\/ce36d900627b74f1fea23646d15eca3a"},"headline":"\ud83c\udf38Vacances de P\u00e2ques sur la Costa Dorada : Soleil, Plage et Plaisir en Famille !\ud83c\udfd6\ufe0f\ud83c\udfa2","datePublished":"2025-12-01T08:28:00+00:00","dateModified":"2026-02-10T12:14:42+00:00","mainEntityOfPage":{"@id":"https:\/\/blog.planetcostadorada.com\/fr\/vacaciones-semana-santa-2019\/"},"wordCount":590,"image":{"@id":"https:\/\/blog.planetcostadorada.com\/fr\/vacaciones-semana-santa-2019\/#primaryimage"},"thumbnailUrl":"https:\/\/blog.planetcostadorada.com\/wp-content\/uploads\/2019\/03\/Vacaciones-Semana-Santa-01.jpg","keywords":["Cambrils","Salou","Vacaciones"],"articleSection":["Que faire sur la Costa Dorada","Qu\u00e9 hacer en Costa Dorada"],"inLanguage":"fr-FR"},{"@type":"WebPage","@id":"https:\/\/blog.planetcostadorada.com\/fr\/vacaciones-semana-santa-2019\/","url":"https:\/\/blog.planetcostadorada.com\/fr\/vacaciones-semana-santa-2019\/","name":"Vacances de P\u00e2ques 2026 en famille sur la Costa Dorada","isPartOf":{"@id":"https:\/\/blog.planetcostadorada.com\/#website"},"primaryImageOfPage":{"@id":"https:\/\/blog.planetcostadorada.com\/fr\/vacaciones-semana-santa-2019\/#primaryimage"},"image":{"@id":"https:\/\/blog.planetcostadorada.com\/fr\/vacaciones-semana-santa-2019\/#primaryimage"},"thumbnailUrl":"https:\/\/blog.planetcostadorada.com\/wp-content\/uploads\/2019\/03\/Vacaciones-Semana-Santa-01.jpg","datePublished":"2025-12-01T08:28:00+00:00","dateModified":"2026-02-10T12:14:42+00:00","author":{"@id":"https:\/\/blog.planetcostadorada.com\/#\/schema\/person\/ce36d900627b74f1fea23646d15eca3a"},"description":"Conseils pratiques pour partir \u00e0 P\u00e2ques 2026 sur la Costa Dorada avec des enfants : zones, activit\u00e9s et h\u00e9bergements familiaux.","breadcrumb":{"@id":"https:\/\/blog.planetcostadorada.com\/fr\/vacaciones-semana-santa-2019\/#breadcrumb"},"inLanguage":"fr-FR","potentialAction":[{"@type":"ReadAction","target":["https:\/\/blog.planetcostadorada.com\/fr\/vacaciones-semana-santa-2019\/"]}]},{"@type":"ImageObject","inLanguage":"fr-FR","@id":"https:\/\/blog.planetcostadorada.com\/fr\/vacaciones-semana-santa-2019\/#primaryimage","url":"https:\/\/blog.planetcostadorada.com\/wp-content\/uploads\/2019\/03\/Vacaciones-Semana-Santa-01.jpg","contentUrl":"https:\/\/blog.planetcostadorada.com\/wp-content\/uploads\/2019\/03\/Vacaciones-Semana-Santa-01.jpg","width":1200,"height":800,"caption":"D\u00f3nde Alojarte en Semana Santa 2025"},{"@type":"BreadcrumbList","@id":"https:\/\/blog.planetcostadorada.com\/fr\/vacaciones-semana-santa-2019\/#breadcrumb","itemListElement":[{"@type":"ListItem","position":1,"name":"Home","item":"https:\/\/blog.planetcostadorada.com\/"},{"@type":"ListItem","position":2,"name":"\ud83c\udf38Vacances de P\u00e2ques sur la Costa Dorada : Soleil, Plage et Plaisir en Famille !\ud83c\udfd6\ufe0f\ud83c\udfa2"}]},{"@type":"WebSite","@id":"https:\/\/blog.planetcostadorada.com\/#website","url":"https:\/\/blog.planetcostadorada.com\/","name":"Blog Planet Costa Dorada","description":"Inspiraci\u00f3n para tus vacaciones en la Costa Dorada","potentialAction":[{"@type":"SearchAction","target":{"@type":"EntryPoint","urlTemplate":"https:\/\/blog.planetcostadorada.com\/?s={search_term_string}"},"query-input":{"@type":"PropertyValueSpecification","valueRequired":true,"valueName":"search_term_string"}}],"inLanguage":"fr-FR"},{"@type":"Person","@id":"https:\/\/blog.planetcostadorada.com\/#\/schema\/person\/ce36d900627b74f1fea23646d15eca3a","name":"planetcostadorada","image":{"@type":"ImageObject","inLanguage":"fr-FR","@id":"https:\/\/secure.gravatar.com\/avatar\/0f9e6eb285fc4f9f85ce55f9b9fb4260221cbc0891780529c4a847381569f098?s=96&d=mm&r=g","url":"https:\/\/secure.gravatar.com\/avatar\/0f9e6eb285fc4f9f85ce55f9b9fb4260221cbc0891780529c4a847381569f098?s=96&d=mm&r=g","contentUrl":"https:\/\/secure.gravatar.com\/avatar\/0f9e6eb285fc4f9f85ce55f9b9fb4260221cbc0891780529c4a847381569f098?s=96&d=mm&r=g","caption":"planetcostadorada"},"url":"https:\/\/blog.planetcostadorada.com\/fr\/author\/planetcostadorada\/"}]}},"_links":{"self":[{"href":"https:\/\/blog.planetcostadorada.com\/fr\/wp-json\/wp\/v2\/posts\/88","targetHints":{"allow":["GET"]}}],"collection":[{"href":"https:\/\/blog.planetcostadorada.com\/fr\/wp-json\/wp\/v2\/posts"}],"about":[{"href":"https:\/\/blog.planetcostadorada.com\/fr\/wp-json\/wp\/v2\/types\/post"}],"author":[{"embeddable":true,"href":"https:\/\/blog.planetcostadorada.com\/fr\/wp-json\/wp\/v2\/users\/2"}],"replies":[{"embeddable":true,"href":"https:\/\/blog.planetcostadorada.com\/fr\/wp-json\/wp\/v2\/comments?post=88"}],"version-history":[{"count":4,"href":"https:\/\/blog.planetcostadorada.com\/fr\/wp-json\/wp\/v2\/posts\/88\/revisions"}],"predecessor-version":[{"id":1438,"href":"https:\/\/blog.planetcostadorada.com\/fr\/wp-json\/wp\/v2\/posts\/88\/revisions\/1438"}],"wp:featuredmedia":[{"embeddable":true,"href":"https:\/\/blog.planetcostadorada.com\/fr\/wp-json\/wp\/v2\/media\/77"}],"wp:attachment":[{"href":"https:\/\/blog.planetcostadorada.com\/fr\/wp-json\/wp\/v2\/media?parent=88"}],"wp:term":[{"taxonomy":"category","embeddable":true,"href":"https:\/\/blog.planetcostadorada.com\/fr\/wp-json\/wp\/v2\/categories?post=88"},{"taxonomy":"post_tag","embeddable":true,"href":"https:\/\/blog.planetcostadorada.com\/fr\/wp-json\/wp\/v2\/tags?post=88"}],"curies":[{"name":"wp","href":"https:\/\/api.w.org\/{rel}","templated":true}]}}