{"id":1390,"date":"2025-12-30T15:08:39","date_gmt":"2025-12-30T14:08:39","guid":{"rendered":"https:\/\/blog.planetcostadorada.com\/?p=1390"},"modified":"2026-01-20T10:53:54","modified_gmt":"2026-01-20T09:53:54","slug":"erreurs-reservation-location-familiale-costa-dorada","status":"publish","type":"post","link":"https:\/\/blog.planetcostadorada.com\/fr\/erreurs-reservation-location-familiale-costa-dorada\/","title":{"rendered":"Erreurs fr\u00e9quentes lors de la r\u00e9servation d\u2019une location de vacances en famille sur la Costa Dorada"},"content":{"rendered":"\n<h3 class=\"wp-block-heading\">Pourquoi de nombreuses familles se trompent apr\u00e8s un premier s\u00e9jour<\/h3>\n\n\n\n<p>Si vous \u00eates d\u00e9j\u00e0 venu sur la Costa Dorada avec vos enfants, <strong>le risque n\u2019est plus le manque d\u2019information<\/strong>.<br>Le vrai probl\u00e8me est ailleurs : <strong>vous continuez \u00e0 raisonner comme lors de votre premier voyage<\/strong>, alors que votre famille a chang\u00e9.<\/p>\n\n\n\n<p>La majorit\u00e9 des s\u00e9jours d\u00e9cevants ne sont pas dus \u00e0 un mauvais choix de destination, mais \u00e0 <strong>de mauvais crit\u00e8res de d\u00e9cision<\/strong> au moment de r\u00e9server.<\/p>\n\n\n\n<p>Cet article ne vous dit pas o\u00f9 loger.<br>Il vous aide \u00e0 <strong>\u00e9viter les raisonnements qui m\u00e8nent \u00e0 de mauvais choix<\/strong>, m\u00eame chez les familles habitu\u00e9es \u00e0 la Costa Dorada.<\/p>\n\n\n\n<p>Si vous recherchez des recommandations sp\u00e9cifiques en fonction du profil familial, cet article n&rsquo;est pas fait pour vous.<br>(\ud83d\udc49 Pour cela, consultez : <strong><a href=\"https:\/\/blog.planetcostadorada.com\/fr\/quelle-zone-choisir-sur-la-costa-dorada-avec-enfants\/\" target=\"_blank\" rel=\"noreferrer noopener\">Quelle zone de la Costa Dorada choisir avec des enfants si vous y \u00eates d\u00e9j\u00e0 all\u00e9 auparavant<\/a><\/strong>).<\/p>\n\n\n\n<hr class=\"wp-block-separator has-alpha-channel-opacity\"\/>\n\n\n\n<h2 class=\"wp-block-heading\">Erreur de raisonnement n\u00b01 : Choisir un nom de destination au lieu d\u2019un cadre de s\u00e9jour<\/h2>\n\n\n\n<p>Dire \u00ab nous allons \u00e0 Salou \u00bb ou \u00ab nous pr\u00e9f\u00e9rons Cambrils \u00bb <strong>n\u2019est pas une d\u00e9cision compl\u00e8te<\/strong>.<\/p>\n\n\n\n<h3 class=\"wp-block-heading\">Raisonnement erron\u00e9<\/h3>\n\n\n\n<ul class=\"wp-block-list\">\n<li>Le nom de la destination est cens\u00e9 r\u00e9sumer l\u2019exp\u00e9rience<\/li>\n\n\n\n<li>On suppose que tout le territoire offre la m\u00eame ambiance<\/li>\n\n\n\n<li>On laisse le hasard (ou la disponibilit\u00e9) d\u00e9cider de l\u2019emplacement r\u00e9el<\/li>\n<\/ul>\n\n\n\n<h3 class=\"wp-block-heading\">Cons\u00e9quence concr\u00e8te<\/h3>\n\n\n\n<p>Deux familles choisissant la m\u00eame ville peuvent vivre des vacances totalement oppos\u00e9es :<\/p>\n\n\n\n<ul class=\"wp-block-list\">\n<li>bruit vs calme<\/li>\n\n\n\n<li>saturation vs confort<\/li>\n\n\n\n<li>fatigue vs d\u00e9tente<\/li>\n<\/ul>\n\n\n\n<p>\ud83d\udc49 <strong>Raisonnement correct<\/strong><br>Ne choisissez pas une destination.<br>Choisissez <strong>un cadre de vie quotidien pr\u00e9cis<\/strong> (bruit, densit\u00e9, mobilit\u00e9, public pr\u00e9sent).<\/p>\n\n\n\n<hr class=\"wp-block-separator has-alpha-channel-opacity\"\/>\n\n\n\n<h2 class=\"wp-block-heading\">Erreur de raisonnement n\u00b02 : Penser que \u201cle calme\u201d est toujours la meilleure option<\/h2>\n\n\n\n<p>Le calme est souvent pr\u00e9sent\u00e9 comme un crit\u00e8re universel pour voyager avec des enfants.<br>C\u2019est faux.<\/p>\n\n\n\n<h3 class=\"wp-block-heading\">Raisonnement erron\u00e9<\/h3>\n\n\n\n<ul class=\"wp-block-list\">\n<li>Assimiler calme \u00e0 qualit\u00e9<\/li>\n\n\n\n<li>\u00c9viter toute zone anim\u00e9e par principe<\/li>\n\n\n\n<li>Ignorer l\u2019\u00e2ge r\u00e9el des enfants<\/li>\n<\/ul>\n\n\n\n<h3 class=\"wp-block-heading\">Cons\u00e9quence concr\u00e8te<\/h3>\n\n\n\n<ul class=\"wp-block-list\">\n<li>Ennui chez les enfants plus \u00e2g\u00e9s<\/li>\n\n\n\n<li>D\u00e9pendance excessive \u00e0 la voiture<\/li>\n\n\n\n<li>Impression d\u2019isolement<\/li>\n<\/ul>\n\n\n\n<p>\ud83d\udc49 <strong>Raisonnement correct<\/strong><br>Le calme est un avantage <strong>seulement s\u2019il ne p\u00e9nalise pas l\u2019autonomie ni la vari\u00e9t\u00e9 des activit\u00e9s<\/strong>.<\/p>\n\n\n\n<hr class=\"wp-block-separator has-alpha-channel-opacity\"\/>\n\n\n\n<h2 class=\"wp-block-heading\">Erreur de raisonnement n\u00b03 : Se fier principalement aux photos et aux avis<\/h2>\n\n\n\n<p>C\u2019est l\u2019une des erreurs les plus r\u00e9pandues.<\/p>\n\n\n\n<h3 class=\"wp-block-heading\">Raisonnement erron\u00e9<\/h3>\n\n\n\n<ul class=\"wp-block-list\">\n<li>Bon score = bon choix<\/li>\n\n\n\n<li>Photos attractives = environnement agr\u00e9able<\/li>\n\n\n\n<li>Avis positifs = adapt\u00e9 aux familles<\/li>\n<\/ul>\n\n\n\n<h3 class=\"wp-block-heading\">Ce que ces \u00e9l\u00e9ments ne montrent pas<\/h3>\n\n\n\n<ul class=\"wp-block-list\">\n<li>Le niveau r\u00e9el de saturation en \u00e9t\u00e9<\/li>\n\n\n\n<li>Le bruit nocturne<\/li>\n\n\n\n<li>Le type de tourisme alentour<\/li>\n\n\n\n<li>Les diff\u00e9rences entre juillet et ao\u00fbt<\/li>\n<\/ul>\n\n\n\n<p>\ud83d\udc49 <strong>Raisonnement correct<\/strong><br>Les avis servent \u00e0 \u00e9carter les extr\u00eames, <strong>pas \u00e0 d\u00e9cider de l\u2019emplacement<\/strong>.<\/p>\n\n\n\n<hr class=\"wp-block-separator has-alpha-channel-opacity\"\/>\n\n\n\n<h2 class=\"wp-block-heading\">Erreur de raisonnement n\u00b04 : Consid\u00e9rer juillet et ao\u00fbt comme \u00e9quivalents<\/h2>\n\n\n\n<p>De nombreuses familles r\u00e9p\u00e9titrices sous-estiment cet aspect.<\/p>\n\n\n\n<h3 class=\"wp-block-heading\">Raisonnement erron\u00e9<\/h3>\n\n\n\n<ul class=\"wp-block-list\">\n<li>\u201cNous sommes venus en juillet, c\u2019\u00e9tait tr\u00e8s bien\u201d<\/li>\n\n\n\n<li>\u201cAo\u00fbt sera similaire\u201d<\/li>\n<\/ul>\n\n\n\n<h3 class=\"wp-block-heading\">R\u00e9alit\u00e9<\/h3>\n\n\n\n<p>Ao\u00fbt transforme compl\u00e8tement certains secteurs :<\/p>\n\n\n\n<ul class=\"wp-block-list\">\n<li>plus de densit\u00e9<\/li>\n\n\n\n<li>plus de bruit<\/li>\n\n\n\n<li>plus de frictions<\/li>\n<\/ul>\n\n\n\n<p>\ud83d\udc49 <strong>Raisonnement correct<\/strong><br>Le mois du s\u00e9jour doit influencer la d\u00e9cision <strong>autant que la zone elle-m\u00eame<\/strong>.<\/p>\n\n\n\n<hr class=\"wp-block-separator has-alpha-channel-opacity\"\/>\n\n\n\n<h2 class=\"wp-block-heading\">Erreur de raisonnement n\u00b05 : Penser que la voiture compense un mauvais emplacement<\/h2>\n\n\n\n<p>\u201cTant que nous avons une voiture, ce n\u2019est pas grave.\u201d<\/p>\n\n\n\n<h3 class=\"wp-block-heading\">Raisonnement erron\u00e9<\/h3>\n\n\n\n<ul class=\"wp-block-list\">\n<li>Normaliser les d\u00e9placements quotidiens<\/li>\n\n\n\n<li>Minimiser la fatigue cumulative<\/li>\n<\/ul>\n\n\n\n<h3 class=\"wp-block-heading\">Cons\u00e9quence concr\u00e8te<\/h3>\n\n\n\n<ul class=\"wp-block-list\">\n<li>Moins de spontan\u00e9it\u00e9<\/li>\n\n\n\n<li>Plus de contraintes<\/li>\n\n\n\n<li>Vacances moins reposantes que pr\u00e9vu<\/li>\n<\/ul>\n\n\n\n<p>\ud83d\udc49 <strong>Raisonnement correct<\/strong><br>La voiture doit <strong>\u00e9largir les possibilit\u00e9s<\/strong>, pas corriger une mauvaise base.<\/p>\n\n\n\n<hr class=\"wp-block-separator has-alpha-channel-opacity\"\/>\n\n\n\n<h2 class=\"wp-block-heading\">Erreur de raisonnement n\u00b06 : Payer plus sans savoir pourquoi<\/h2>\n\n\n\n<p>Plus cher n\u2019est pas toujours synonyme de meilleure exp\u00e9rience familiale.<\/p>\n\n\n\n<h3 class=\"wp-block-heading\">Raisonnement erron\u00e9<\/h3>\n\n\n\n<ul class=\"wp-block-list\">\n<li>Prix \u00e9lev\u00e9 = qualit\u00e9 universelle<\/li>\n\n\n\n<li>Zone r\u00e9put\u00e9e = adapt\u00e9e \u00e0 tous<\/li>\n<\/ul>\n\n\n\n<h3 class=\"wp-block-heading\">Ce qui se produit souvent<\/h3>\n\n\n\n<ul class=\"wp-block-list\">\n<li>Vous payez pour des avantages inutiles<\/li>\n\n\n\n<li>Ou pour un calme qui ne correspond plus \u00e0 votre famille<\/li>\n<\/ul>\n\n\n\n<p>\ud83d\udc49 <strong>Raisonnement correct<\/strong><br>Un prix plus \u00e9lev\u00e9 n\u2019a de sens que si <strong>le b\u00e9n\u00e9fice est r\u00e9el pour votre situation familiale<\/strong>.<\/p>\n\n\n\n<hr class=\"wp-block-separator has-alpha-channel-opacity\"\/>\n\n\n\n<h2 class=\"wp-block-heading\">Comment utiliser cet article<\/h2>\n\n\n\n<p>Cet article sert \u00e0 <strong>corriger votre raisonnement<\/strong>, pas \u00e0 choisir un lieu pr\u00e9cis.<\/p>\n\n\n\n<p>Une fois ces erreurs \u00e9vit\u00e9es, vous pourrez alors d\u00e9cider <strong>quelle zone correspond r\u00e9ellement \u00e0 votre famille actuelle<\/strong>.<\/p>\n\n\n\n<p>\ud83d\udc49 Voir l\u2019article compl\u00e9mentaire :<br><strong><a href=\"https:\/\/blog.planetcostadorada.com\/fr\/quelle-zone-choisir-sur-la-costa-dorada-avec-enfants\/\" target=\"_blank\" rel=\"noreferrer noopener\">Quelle zone de la Costa Dorada choisir avec des enfants si vous \u00eates d\u00e9j\u00e0 venu ?<\/a><\/strong><\/p>\n\n\n\n<p><\/p>\n\n\n\n<h1 class=\"wp-block-heading\">QUESTIONS FR\u00c9QUENTES <\/h1>\n\n\n\n<h3 class=\"wp-block-heading\">Quelles sont les erreurs les plus fr\u00e9quentes lors de la r\u00e9servation d\u2019une location familiale sur la Costa Dorada ?<\/h3>\n\n\n\n<p>Les erreurs les plus courantes sont de choisir une destination sans pr\u00e9ciser la zone exacte, de se fier uniquement aux avis et aux photos, et de ne pas adapter la d\u00e9cision \u00e0 l\u2019\u00e2ge r\u00e9el des enfants ou au mois du s\u00e9jour.<\/p>\n\n\n\n<hr class=\"wp-block-separator has-alpha-channel-opacity\"\/>\n\n\n\n<h3 class=\"wp-block-heading\">Pourquoi des familles qui reviennent sur la Costa Dorada font-elles encore de mauvais choix ?<\/h3>\n\n\n\n<p>Parce qu\u2019elles utilisent les m\u00eames crit\u00e8res que lors de leur premier voyage, alors que leurs enfants ont grandi et que leurs besoins ont chang\u00e9. Le raisonnement n\u2019\u00e9volue pas, mais le contexte oui.<\/p>\n\n\n\n<hr class=\"wp-block-separator has-alpha-channel-opacity\"\/>\n\n\n\n<h3 class=\"wp-block-heading\">Les avis clients sont-ils fiables pour choisir un logement avec enfants ?<\/h3>\n\n\n\n<p>Les avis sont utiles pour \u00e9viter des logements probl\u00e9matiques, mais ils ne refl\u00e8tent pas le contexte r\u00e9el en haute saison, le bruit nocturne ou le type de tourisme environnant. Ils ne doivent pas \u00eatre le crit\u00e8re principal.<\/p>\n\n\n\n<hr class=\"wp-block-separator has-alpha-channel-opacity\"\/>\n\n\n\n<h3 class=\"wp-block-heading\">Juillet et ao\u00fbt sont-ils vraiment si diff\u00e9rents sur la Costa Dorada ?<\/h3>\n\n\n\n<p>Oui. Ao\u00fbt g\u00e9n\u00e8re beaucoup plus de densit\u00e9, de bruit et de saturation que juillet. Une zone adapt\u00e9e en juillet peut devenir difficile en ao\u00fbt pour les familles avec enfants.<\/p>\n\n\n\n<hr class=\"wp-block-separator has-alpha-channel-opacity\"\/>\n\n\n\n<h3 class=\"wp-block-heading\">Avoir une voiture permet-il de corriger un mauvais emplacement ?<\/h3>\n\n\n\n<p>Non. Une voiture peut faciliter certains d\u00e9placements, mais elle ne compense pas une zone mal choisie. Elle augmente souvent la fatigue et r\u00e9duit la spontan\u00e9it\u00e9 des vacances.<\/p>\n\n\n\n<h3 class=\"wp-block-heading\">Conclusion<\/h3>\n\n\n\n<p>La Costa Dorada <strong>fonctionne rarement mal<\/strong>.<br>Ce qui \u00e9choue le plus souvent, c\u2019est <strong>la mani\u00e8re dont les d\u00e9cisions sont prises avant la r\u00e9servation<\/strong>.<\/p>\n\n\n\n<p>\u00c9viter ces erreurs ne garantit pas des vacances parfaites,<br>mais cela permet d\u2019\u00e9viter qu\u2019une bonne destination devienne une exp\u00e9rience d\u00e9cevante.<\/p>\n\n\n\n<hr class=\"wp-block-separator has-alpha-channel-opacity\"\/>\n\n\n\n<h3 class=\"wp-block-heading\">Prochaine \u00e9tape : choisir une zone avec m\u00e9thode, pas au hasard<\/h3>\n\n\n\n<p>Si vous avez identifi\u00e9 les raisonnements \u00e0 \u00e9viter,<br>l\u2019\u00e9tape suivante consiste \u00e0 <strong>traduire ces crit\u00e8res en un choix de zone concret<\/strong>, adapt\u00e9 \u00e0 votre famille et au moment du s\u00e9jour.<\/p>\n\n\n\n<p><\/p>\n","protected":false},"excerpt":{"rendered":"<p>Pourquoi de nombreuses familles se trompent apr\u00e8s un premier s\u00e9jour Si vous \u00eates d\u00e9j\u00e0 venu sur la Costa Dorada avec&#8230;<\/p>\n","protected":false},"author":2,"featured_media":1360,"comment_status":"closed","ping_status":"closed","sticky":false,"template":"","format":"standard","meta":{"footnotes":""},"categories":[2],"tags":[90,52,53,56],"class_list":["post-1390","post","type-post","status-publish","format-standard","has-post-thumbnail","hentry","category-locations-vacances","tag-cambrils-fr","tag-costa-dorada-fr","tag-la-pineda-fr","tag-salou-fr"],"yoast_head":"<!-- This site is optimized with the Yoast SEO plugin v27.4 - https:\/\/yoast.com\/product\/yoast-seo-wordpress\/ -->\n<title>Erreurs lors de la r\u00e9servation en famille sur la Costa Dorada<\/title>\n<meta name=\"description\" content=\"D\u00e9couvrez les erreurs courantes lors de la r\u00e9servation d\u2019une location familiale sur la Costa Dorada et comment \u00e9viter de mauvais choix.\" \/>\n<meta name=\"robots\" content=\"index, follow, max-snippet:-1, max-image-preview:large, max-video-preview:-1\" \/>\n<link rel=\"canonical\" href=\"https:\/\/blog.planetcostadorada.com\/fr\/erreurs-reservation-location-familiale-costa-dorada\/\" \/>\n<meta property=\"og:locale\" content=\"fr_FR\" \/>\n<meta property=\"og:type\" content=\"article\" \/>\n<meta property=\"og:title\" content=\"Erreurs lors de la r\u00e9servation en famille sur la Costa Dorada\" \/>\n<meta property=\"og:description\" content=\"D\u00e9couvrez les erreurs courantes lors de la r\u00e9servation d\u2019une location familiale sur la Costa Dorada et comment \u00e9viter de mauvais choix.\" \/>\n<meta property=\"og:url\" content=\"https:\/\/blog.planetcostadorada.com\/fr\/erreurs-reservation-location-familiale-costa-dorada\/\" \/>\n<meta property=\"og:site_name\" content=\"Blog Planet Costa Dorada\" \/>\n<meta property=\"article:published_time\" content=\"2025-12-30T14:08:39+00:00\" \/>\n<meta property=\"article:modified_time\" content=\"2026-01-20T09:53:54+00:00\" \/>\n<meta property=\"og:image\" content=\"https:\/\/blog.planetcostadorada.com\/wp-content\/uploads\/2025\/12\/blog-7.jpg\" \/>\n\t<meta property=\"og:image:width\" content=\"1300\" \/>\n\t<meta property=\"og:image:height\" content=\"900\" \/>\n\t<meta property=\"og:image:type\" content=\"image\/jpeg\" \/>\n<meta name=\"author\" content=\"planetcostadorada\" \/>\n<meta name=\"twitter:card\" content=\"summary_large_image\" \/>\n<meta name=\"twitter:label1\" content=\"\u00c9crit par\" \/>\n\t<meta name=\"twitter:data1\" content=\"planetcostadorada\" \/>\n\t<meta name=\"twitter:label2\" content=\"Dur\u00e9e de lecture estim\u00e9e\" \/>\n\t<meta name=\"twitter:data2\" content=\"5 minutes\" \/>\n<script type=\"application\/ld+json\" class=\"yoast-schema-graph\">{\"@context\":\"https:\\\/\\\/schema.org\",\"@graph\":[{\"@type\":\"Article\",\"@id\":\"https:\\\/\\\/blog.planetcostadorada.com\\\/fr\\\/erreurs-reservation-location-familiale-costa-dorada\\\/#article\",\"isPartOf\":{\"@id\":\"https:\\\/\\\/blog.planetcostadorada.com\\\/fr\\\/erreurs-reservation-location-familiale-costa-dorada\\\/\"},\"author\":{\"name\":\"planetcostadorada\",\"@id\":\"https:\\\/\\\/blog.planetcostadorada.com\\\/#\\\/schema\\\/person\\\/ce36d900627b74f1fea23646d15eca3a\"},\"headline\":\"Erreurs fr\u00e9quentes lors de la r\u00e9servation d\u2019une location de vacances en famille sur la Costa Dorada\",\"datePublished\":\"2025-12-30T14:08:39+00:00\",\"dateModified\":\"2026-01-20T09:53:54+00:00\",\"mainEntityOfPage\":{\"@id\":\"https:\\\/\\\/blog.planetcostadorada.com\\\/fr\\\/erreurs-reservation-location-familiale-costa-dorada\\\/\"},\"wordCount\":1097,\"image\":{\"@id\":\"https:\\\/\\\/blog.planetcostadorada.com\\\/fr\\\/erreurs-reservation-location-familiale-costa-dorada\\\/#primaryimage\"},\"thumbnailUrl\":\"https:\\\/\\\/blog.planetcostadorada.com\\\/wp-content\\\/uploads\\\/2025\\\/12\\\/blog-7.jpg\",\"keywords\":[\"Cambrils\",\"Costa Dorada\",\"La Pineda\",\"Salou\"],\"articleSection\":[\"Location de Vacances\"],\"inLanguage\":\"fr-FR\"},{\"@type\":\"WebPage\",\"@id\":\"https:\\\/\\\/blog.planetcostadorada.com\\\/fr\\\/erreurs-reservation-location-familiale-costa-dorada\\\/\",\"url\":\"https:\\\/\\\/blog.planetcostadorada.com\\\/fr\\\/erreurs-reservation-location-familiale-costa-dorada\\\/\",\"name\":\"Erreurs lors de la r\u00e9servation en famille sur la Costa Dorada\",\"isPartOf\":{\"@id\":\"https:\\\/\\\/blog.planetcostadorada.com\\\/#website\"},\"primaryImageOfPage\":{\"@id\":\"https:\\\/\\\/blog.planetcostadorada.com\\\/fr\\\/erreurs-reservation-location-familiale-costa-dorada\\\/#primaryimage\"},\"image\":{\"@id\":\"https:\\\/\\\/blog.planetcostadorada.com\\\/fr\\\/erreurs-reservation-location-familiale-costa-dorada\\\/#primaryimage\"},\"thumbnailUrl\":\"https:\\\/\\\/blog.planetcostadorada.com\\\/wp-content\\\/uploads\\\/2025\\\/12\\\/blog-7.jpg\",\"datePublished\":\"2025-12-30T14:08:39+00:00\",\"dateModified\":\"2026-01-20T09:53:54+00:00\",\"author\":{\"@id\":\"https:\\\/\\\/blog.planetcostadorada.com\\\/#\\\/schema\\\/person\\\/ce36d900627b74f1fea23646d15eca3a\"},\"description\":\"D\u00e9couvrez les erreurs courantes lors de la r\u00e9servation d\u2019une location familiale sur la Costa Dorada et comment \u00e9viter de mauvais choix.\",\"breadcrumb\":{\"@id\":\"https:\\\/\\\/blog.planetcostadorada.com\\\/fr\\\/erreurs-reservation-location-familiale-costa-dorada\\\/#breadcrumb\"},\"inLanguage\":\"fr-FR\",\"potentialAction\":[{\"@type\":\"ReadAction\",\"target\":[\"https:\\\/\\\/blog.planetcostadorada.com\\\/fr\\\/erreurs-reservation-location-familiale-costa-dorada\\\/\"]}]},{\"@type\":\"ImageObject\",\"inLanguage\":\"fr-FR\",\"@id\":\"https:\\\/\\\/blog.planetcostadorada.com\\\/fr\\\/erreurs-reservation-location-familiale-costa-dorada\\\/#primaryimage\",\"url\":\"https:\\\/\\\/blog.planetcostadorada.com\\\/wp-content\\\/uploads\\\/2025\\\/12\\\/blog-7.jpg\",\"contentUrl\":\"https:\\\/\\\/blog.planetcostadorada.com\\\/wp-content\\\/uploads\\\/2025\\\/12\\\/blog-7.jpg\",\"width\":1300,\"height\":900,\"caption\":\"La piscina no compensa una mala decisi\u00f3n de alojamiento\"},{\"@type\":\"BreadcrumbList\",\"@id\":\"https:\\\/\\\/blog.planetcostadorada.com\\\/fr\\\/erreurs-reservation-location-familiale-costa-dorada\\\/#breadcrumb\",\"itemListElement\":[{\"@type\":\"ListItem\",\"position\":1,\"name\":\"Home\",\"item\":\"https:\\\/\\\/blog.planetcostadorada.com\\\/\"},{\"@type\":\"ListItem\",\"position\":2,\"name\":\"Erreurs fr\u00e9quentes lors de la r\u00e9servation d\u2019une location de vacances en famille sur la Costa Dorada\"}]},{\"@type\":\"WebSite\",\"@id\":\"https:\\\/\\\/blog.planetcostadorada.com\\\/#website\",\"url\":\"https:\\\/\\\/blog.planetcostadorada.com\\\/\",\"name\":\"Blog Planet Costa Dorada\",\"description\":\"Inspiraci\u00f3n para tus vacaciones en la Costa Dorada\",\"potentialAction\":[{\"@type\":\"SearchAction\",\"target\":{\"@type\":\"EntryPoint\",\"urlTemplate\":\"https:\\\/\\\/blog.planetcostadorada.com\\\/?s={search_term_string}\"},\"query-input\":{\"@type\":\"PropertyValueSpecification\",\"valueRequired\":true,\"valueName\":\"search_term_string\"}}],\"inLanguage\":\"fr-FR\"},{\"@type\":\"Person\",\"@id\":\"https:\\\/\\\/blog.planetcostadorada.com\\\/#\\\/schema\\\/person\\\/ce36d900627b74f1fea23646d15eca3a\",\"name\":\"planetcostadorada\",\"image\":{\"@type\":\"ImageObject\",\"inLanguage\":\"fr-FR\",\"@id\":\"https:\\\/\\\/secure.gravatar.com\\\/avatar\\\/0f9e6eb285fc4f9f85ce55f9b9fb4260221cbc0891780529c4a847381569f098?s=96&d=mm&r=g\",\"url\":\"https:\\\/\\\/secure.gravatar.com\\\/avatar\\\/0f9e6eb285fc4f9f85ce55f9b9fb4260221cbc0891780529c4a847381569f098?s=96&d=mm&r=g\",\"contentUrl\":\"https:\\\/\\\/secure.gravatar.com\\\/avatar\\\/0f9e6eb285fc4f9f85ce55f9b9fb4260221cbc0891780529c4a847381569f098?s=96&d=mm&r=g\",\"caption\":\"planetcostadorada\"},\"url\":\"https:\\\/\\\/blog.planetcostadorada.com\\\/fr\\\/author\\\/planetcostadorada\\\/\"}]}<\/script>\n<!-- \/ Yoast SEO plugin. -->","yoast_head_json":{"title":"Erreurs lors de la r\u00e9servation en famille sur la Costa Dorada","description":"D\u00e9couvrez les erreurs courantes lors de la r\u00e9servation d\u2019une location familiale sur la Costa Dorada et comment \u00e9viter de mauvais choix.","robots":{"index":"index","follow":"follow","max-snippet":"max-snippet:-1","max-image-preview":"max-image-preview:large","max-video-preview":"max-video-preview:-1"},"canonical":"https:\/\/blog.planetcostadorada.com\/fr\/erreurs-reservation-location-familiale-costa-dorada\/","og_locale":"fr_FR","og_type":"article","og_title":"Erreurs lors de la r\u00e9servation en famille sur la Costa Dorada","og_description":"D\u00e9couvrez les erreurs courantes lors de la r\u00e9servation d\u2019une location familiale sur la Costa Dorada et comment \u00e9viter de mauvais choix.","og_url":"https:\/\/blog.planetcostadorada.com\/fr\/erreurs-reservation-location-familiale-costa-dorada\/","og_site_name":"Blog Planet Costa Dorada","article_published_time":"2025-12-30T14:08:39+00:00","article_modified_time":"2026-01-20T09:53:54+00:00","og_image":[{"width":1300,"height":900,"url":"https:\/\/blog.planetcostadorada.com\/wp-content\/uploads\/2025\/12\/blog-7.jpg","type":"image\/jpeg"}],"author":"planetcostadorada","twitter_card":"summary_large_image","twitter_misc":{"\u00c9crit par":"planetcostadorada","Dur\u00e9e de lecture estim\u00e9e":"5 minutes"},"schema":{"@context":"https:\/\/schema.org","@graph":[{"@type":"Article","@id":"https:\/\/blog.planetcostadorada.com\/fr\/erreurs-reservation-location-familiale-costa-dorada\/#article","isPartOf":{"@id":"https:\/\/blog.planetcostadorada.com\/fr\/erreurs-reservation-location-familiale-costa-dorada\/"},"author":{"name":"planetcostadorada","@id":"https:\/\/blog.planetcostadorada.com\/#\/schema\/person\/ce36d900627b74f1fea23646d15eca3a"},"headline":"Erreurs fr\u00e9quentes lors de la r\u00e9servation d\u2019une location de vacances en famille sur la Costa Dorada","datePublished":"2025-12-30T14:08:39+00:00","dateModified":"2026-01-20T09:53:54+00:00","mainEntityOfPage":{"@id":"https:\/\/blog.planetcostadorada.com\/fr\/erreurs-reservation-location-familiale-costa-dorada\/"},"wordCount":1097,"image":{"@id":"https:\/\/blog.planetcostadorada.com\/fr\/erreurs-reservation-location-familiale-costa-dorada\/#primaryimage"},"thumbnailUrl":"https:\/\/blog.planetcostadorada.com\/wp-content\/uploads\/2025\/12\/blog-7.jpg","keywords":["Cambrils","Costa Dorada","La Pineda","Salou"],"articleSection":["Location de Vacances"],"inLanguage":"fr-FR"},{"@type":"WebPage","@id":"https:\/\/blog.planetcostadorada.com\/fr\/erreurs-reservation-location-familiale-costa-dorada\/","url":"https:\/\/blog.planetcostadorada.com\/fr\/erreurs-reservation-location-familiale-costa-dorada\/","name":"Erreurs lors de la r\u00e9servation en famille sur la Costa Dorada","isPartOf":{"@id":"https:\/\/blog.planetcostadorada.com\/#website"},"primaryImageOfPage":{"@id":"https:\/\/blog.planetcostadorada.com\/fr\/erreurs-reservation-location-familiale-costa-dorada\/#primaryimage"},"image":{"@id":"https:\/\/blog.planetcostadorada.com\/fr\/erreurs-reservation-location-familiale-costa-dorada\/#primaryimage"},"thumbnailUrl":"https:\/\/blog.planetcostadorada.com\/wp-content\/uploads\/2025\/12\/blog-7.jpg","datePublished":"2025-12-30T14:08:39+00:00","dateModified":"2026-01-20T09:53:54+00:00","author":{"@id":"https:\/\/blog.planetcostadorada.com\/#\/schema\/person\/ce36d900627b74f1fea23646d15eca3a"},"description":"D\u00e9couvrez les erreurs courantes lors de la r\u00e9servation d\u2019une location familiale sur la Costa Dorada et comment \u00e9viter de mauvais choix.","breadcrumb":{"@id":"https:\/\/blog.planetcostadorada.com\/fr\/erreurs-reservation-location-familiale-costa-dorada\/#breadcrumb"},"inLanguage":"fr-FR","potentialAction":[{"@type":"ReadAction","target":["https:\/\/blog.planetcostadorada.com\/fr\/erreurs-reservation-location-familiale-costa-dorada\/"]}]},{"@type":"ImageObject","inLanguage":"fr-FR","@id":"https:\/\/blog.planetcostadorada.com\/fr\/erreurs-reservation-location-familiale-costa-dorada\/#primaryimage","url":"https:\/\/blog.planetcostadorada.com\/wp-content\/uploads\/2025\/12\/blog-7.jpg","contentUrl":"https:\/\/blog.planetcostadorada.com\/wp-content\/uploads\/2025\/12\/blog-7.jpg","width":1300,"height":900,"caption":"La piscina no compensa una mala decisi\u00f3n de alojamiento"},{"@type":"BreadcrumbList","@id":"https:\/\/blog.planetcostadorada.com\/fr\/erreurs-reservation-location-familiale-costa-dorada\/#breadcrumb","itemListElement":[{"@type":"ListItem","position":1,"name":"Home","item":"https:\/\/blog.planetcostadorada.com\/"},{"@type":"ListItem","position":2,"name":"Erreurs fr\u00e9quentes lors de la r\u00e9servation d\u2019une location de vacances en famille sur la Costa Dorada"}]},{"@type":"WebSite","@id":"https:\/\/blog.planetcostadorada.com\/#website","url":"https:\/\/blog.planetcostadorada.com\/","name":"Blog Planet Costa Dorada","description":"Inspiraci\u00f3n para tus vacaciones en la Costa Dorada","potentialAction":[{"@type":"SearchAction","target":{"@type":"EntryPoint","urlTemplate":"https:\/\/blog.planetcostadorada.com\/?s={search_term_string}"},"query-input":{"@type":"PropertyValueSpecification","valueRequired":true,"valueName":"search_term_string"}}],"inLanguage":"fr-FR"},{"@type":"Person","@id":"https:\/\/blog.planetcostadorada.com\/#\/schema\/person\/ce36d900627b74f1fea23646d15eca3a","name":"planetcostadorada","image":{"@type":"ImageObject","inLanguage":"fr-FR","@id":"https:\/\/secure.gravatar.com\/avatar\/0f9e6eb285fc4f9f85ce55f9b9fb4260221cbc0891780529c4a847381569f098?s=96&d=mm&r=g","url":"https:\/\/secure.gravatar.com\/avatar\/0f9e6eb285fc4f9f85ce55f9b9fb4260221cbc0891780529c4a847381569f098?s=96&d=mm&r=g","contentUrl":"https:\/\/secure.gravatar.com\/avatar\/0f9e6eb285fc4f9f85ce55f9b9fb4260221cbc0891780529c4a847381569f098?s=96&d=mm&r=g","caption":"planetcostadorada"},"url":"https:\/\/blog.planetcostadorada.com\/fr\/author\/planetcostadorada\/"}]}},"_links":{"self":[{"href":"https:\/\/blog.planetcostadorada.com\/fr\/wp-json\/wp\/v2\/posts\/1390","targetHints":{"allow":["GET"]}}],"collection":[{"href":"https:\/\/blog.planetcostadorada.com\/fr\/wp-json\/wp\/v2\/posts"}],"about":[{"href":"https:\/\/blog.planetcostadorada.com\/fr\/wp-json\/wp\/v2\/types\/post"}],"author":[{"embeddable":true,"href":"https:\/\/blog.planetcostadorada.com\/fr\/wp-json\/wp\/v2\/users\/2"}],"replies":[{"embeddable":true,"href":"https:\/\/blog.planetcostadorada.com\/fr\/wp-json\/wp\/v2\/comments?post=1390"}],"version-history":[{"count":2,"href":"https:\/\/blog.planetcostadorada.com\/fr\/wp-json\/wp\/v2\/posts\/1390\/revisions"}],"predecessor-version":[{"id":1409,"href":"https:\/\/blog.planetcostadorada.com\/fr\/wp-json\/wp\/v2\/posts\/1390\/revisions\/1409"}],"wp:featuredmedia":[{"embeddable":true,"href":"https:\/\/blog.planetcostadorada.com\/fr\/wp-json\/wp\/v2\/media\/1360"}],"wp:attachment":[{"href":"https:\/\/blog.planetcostadorada.com\/fr\/wp-json\/wp\/v2\/media?parent=1390"}],"wp:term":[{"taxonomy":"category","embeddable":true,"href":"https:\/\/blog.planetcostadorada.com\/fr\/wp-json\/wp\/v2\/categories?post=1390"},{"taxonomy":"post_tag","embeddable":true,"href":"https:\/\/blog.planetcostadorada.com\/fr\/wp-json\/wp\/v2\/tags?post=1390"}],"curies":[{"name":"wp","href":"https:\/\/api.w.org\/{rel}","templated":true}]}}