{"id":1388,"date":"2025-12-22T14:42:08","date_gmt":"2025-12-22T13:42:08","guid":{"rendered":"https:\/\/blog.planetcostadorada.com\/?p=1388"},"modified":"2026-01-20T10:43:19","modified_gmt":"2026-01-20T09:43:19","slug":"quelle-zone-choisir-sur-la-costa-dorada-avec-enfants","status":"publish","type":"post","link":"https:\/\/blog.planetcostadorada.com\/fr\/quelle-zone-choisir-sur-la-costa-dorada-avec-enfants\/","title":{"rendered":"Quelle zone de la Costa Dorada choisir avec des enfants si vous \u00eates d\u00e9j\u00e0 venus ?"},"content":{"rendered":"\n<p><em>Comparaison r\u00e9elle selon le profil familial<\/em><\/p>\n\n\n\n<p>Si vous \u00eates d\u00e9j\u00e0 venus sur la Costa Dorada avec des enfants, votre probl\u00e8me n\u2019est plus de d\u00e9couvrir la destination.<br>Votre vrai enjeu est de <strong>mieux choisir que la fois pr\u00e9c\u00e9dente<\/strong>.<\/p>\n\n\n\n<p>Vous savez d\u00e9j\u00e0 que Salou, Cambrils et La Pineda fonctionnent.<br>La vraie question est : <strong>quelle zone correspond le mieux \u00e0 votre famille aujourd\u2019hui<\/strong>, selon l\u2019\u00e2ge de vos enfants, votre rythme de vacances et l\u2019usage de la voiture.<\/p>\n\n\n\n<p>Cet article ne cherche pas \u00e0 d\u00e9signer \u201cla meilleure zone\u201d de mani\u00e8re abstraite.<br>Il explique <strong>quelle zone est la plus adapt\u00e9e \u00e0 votre profil familial pr\u00e9cis<\/strong>.<\/p>\n\n\n\n<h3 class=\"wp-block-heading\">Comparatif rapide par profil familial<\/h3>\n\n\n\n<ul class=\"wp-block-list\">\n<li><strong>Enfants 0\u20136 ans<\/strong> \u2192 Cambrils<br>Calme, promenades longues, plages faciles<\/li>\n\n\n\n<li><strong>Enfants 7\u201312 ans<\/strong> \u2192 Salou (zones sp\u00e9cifiques)<br>Plus d\u2019activit\u00e9s sans perdre en confort<\/li>\n\n\n\n<li><strong>Adolescents<\/strong> \u2192 Salou ou La Pineda<br>Plus d\u2019autonomie et d\u2019animation<\/li>\n\n\n\n<li><strong>Recherche de calme en \u00e9t\u00e9<\/strong> \u2192 Cambrils ou zones r\u00e9sidentielles<\/li>\n\n\n\n<li><strong>Meilleur rapport espace\/prix<\/strong> \u2192 La Pineda<\/li>\n<\/ul>\n\n\n\n<p>Pour comprendre le <em>pourquoi<\/em>, poursuivez la lecture.<\/p>\n\n\n\n<p>Mais&#8230; Avant de prendre une d\u00e9cision, il convient d&rsquo;\u00e9viter certaines <a href=\"https:\/\/blog.planetcostadorada.com\/fr\/erreurs-reservation-location-familiale-costa-dorada\/\" target=\"_blank\" rel=\"noreferrer noopener\"><strong>erreurs de jugement tr\u00e8s courantes lorsque l&rsquo;on voyage avec des enfants.<\/strong><\/a><\/p>\n\n\n\n<hr class=\"wp-block-separator has-alpha-channel-opacity\"\/>\n\n\n\n<h3 class=\"wp-block-heading\">Quelle zone choisir selon l\u2019\u00e2ge des enfants ?<\/h3>\n\n\n\n<h4 class=\"wp-block-heading\">Familles avec jeunes enfants (0\u20136 ans)<\/h4>\n\n\n\n<p>\u00c0 cet \u00e2ge, le probl\u00e8me n\u2019est pas le manque d\u2019activit\u00e9s, mais l\u2019exc\u00e8s.<\/p>\n\n\n\n<p>Avec de jeunes enfants, vous avez besoin de :<\/p>\n\n\n\n<ul class=\"wp-block-list\">\n<li>Plages larges et accessibles<\/li>\n\n\n\n<li>Promenades plates pour poussettes<\/li>\n\n\n\n<li>Restaurants tranquilles<\/li>\n\n\n\n<li>Peu de bruit la nuit<\/li>\n<\/ul>\n\n\n\n<p><strong>Cambrils est la solution la plus s\u00fbre<\/strong>, car :<\/p>\n\n\n\n<ul class=\"wp-block-list\">\n<li>Le rythme est plus lent<\/li>\n\n\n\n<li>L\u2019environnement est pr\u00e9visible<\/li>\n\n\n\n<li>Les plages sont clairement familiales<\/li>\n<\/ul>\n\n\n\n<p>Salou peut convenir, <strong>mais uniquement dans certaines zones r\u00e9sidentielles<\/strong>, loin du centre en haute saison.<\/p>\n\n\n\n<hr class=\"wp-block-separator has-alpha-channel-opacity\"\/>\n\n\n\n<h4 class=\"wp-block-heading\">Familles avec enfants de 7 \u00e0 12 ans<\/h4>\n\n\n\n<p>Les priorit\u00e9s changent nettement.<\/p>\n\n\n\n<p>\u00c0 cet \u00e2ge, les enfants :<\/p>\n\n\n\n<ul class=\"wp-block-list\">\n<li>Se lassent plus vite<\/li>\n\n\n\n<li>Ont besoin de vari\u00e9t\u00e9<\/li>\n\n\n\n<li>Veulent plus que la plage<\/li>\n<\/ul>\n\n\n\n<p>\u00c0 Salou, <strong>ce n\u2019est pas la ville qui compte, mais la zone pr\u00e9cise<\/strong>.<\/p>\n\n\n\n<p>Les meilleures zones pour les familles sont :<\/p>\n\n\n\n<ul class=\"wp-block-list\">\n<li>Cap Salou<\/li>\n\n\n\n<li>Platja Llarga<\/li>\n\n\n\n<li>Barenys<\/li>\n<\/ul>\n\n\n\n<p>Les zones proches de <strong>Carles Bu\u00efgas<\/strong> concentrent vie nocturne et foule estivale, et sont <strong>\u00e0 \u00e9viter avec des enfants<\/strong>.<\/p>\n\n\n\n<p>\u00c0 Cambrils, les zones les plus adapt\u00e9es sont :<\/p>\n\n\n\n<ul class=\"wp-block-list\">\n<li>Cambrils Bah\u00eda<\/li>\n\n\n\n<li>La Llosa<\/li>\n\n\n\n<li>Vilafortuny<\/li>\n<\/ul>\n\n\n\n<hr class=\"wp-block-separator has-alpha-channel-opacity\"\/>\n\n\n\n<h4 class=\"wp-block-heading\">Voyager avec des adolescents<\/h4>\n\n\n\n<p>C\u2019est le profil le plus mal trait\u00e9 dans les blogs touristiques.<\/p>\n\n\n\n<p>Les adolescents recherchent :<\/p>\n\n\n\n<ul class=\"wp-block-list\">\n<li>De l\u2019autonomie<\/li>\n\n\n\n<li>Un minimum d\u2019ambiance<\/li>\n\n\n\n<li>Une sensation de libert\u00e9<\/li>\n<\/ul>\n\n\n\n<p><strong>Salou et La Pineda fonctionnent mieux que Cambrils<\/strong>, car elles offrent plus de mouvement et d\u2019options.<\/p>\n\n\n\n<p>Si vos enfants ne veulent plus uniquement plage et piscine, Cambrils peut sembler trop calme.<\/p>\n\n\n\n<hr class=\"wp-block-separator has-alpha-channel-opacity\"\/>\n\n\n\n<h3 class=\"wp-block-heading\">L\u2019impact de la voiture sur le choix de zone<\/h3>\n\n\n\n<p>Avoir une voiture ne signifie pas vouloir l\u2019utiliser en permanence.<\/p>\n\n\n\n<ul class=\"wp-block-list\">\n<li>\u00c0 <strong>Cambrils<\/strong>, elle sert surtout pour des sorties ponctuelles<\/li>\n\n\n\n<li>\u00c0 <strong>Salou<\/strong>, une bonne zone permet de tout faire \u00e0 pied<\/li>\n\n\n\n<li>\u00c0 <strong>La Pineda<\/strong>, elle apporte de la flexibilit\u00e9 sans \u00eatre indispensable<\/li>\n<\/ul>\n\n\n\n<p>Pour limiter les d\u00e9placements quotidiens, <strong>Salou bien situ\u00e9 est plus pratique<\/strong>.<br>Si vous acceptez de petits trajets pour plus de calme, <strong>Cambrils est un meilleur choix<\/strong>.<\/p>\n\n\n\n<hr class=\"wp-block-separator has-alpha-channel-opacity\"\/>\n\n\n\n<h3 class=\"wp-block-heading\">Quand payer plus\u2026 et quand ce n\u2019est pas n\u00e9cessaire<\/h3>\n\n\n\n<p><strong>Cambrils vaut le surco\u00fbt si :<\/strong><\/p>\n\n\n\n<ul class=\"wp-block-list\">\n<li>Vous recherchez un vrai calme<\/li>\n\n\n\n<li>Vous voyagez avec de jeunes enfants<\/li>\n\n\n\n<li>Vous appr\u00e9ciez les promenades et d\u00eeners sans agitation<\/li>\n<\/ul>\n\n\n\n<p><strong>Ce n\u2019est pas n\u00e9cessaire si :<\/strong><\/p>\n\n\n\n<ul class=\"wp-block-list\">\n<li>Vos enfants veulent plus d\u2019activit\u00e9s<\/li>\n\n\n\n<li>Vous \u00eates souvent hors du logement<\/li>\n\n\n\n<li>Vous connaissez d\u00e9j\u00e0 bien la r\u00e9gion et cherchez \u00e0 optimiser le budget<\/li>\n<\/ul>\n\n\n\n<p>Dans ce cas, <strong>Salou ou La Pineda bien choisies<\/strong> offrent une exp\u00e9rience comparable \u00e0 moindre co\u00fbt.<\/p>\n\n\n\n<hr class=\"wp-block-separator has-alpha-channel-opacity\"\/>\n\n\n\n<h3 class=\"wp-block-heading\">Recommandation finale par profil<\/h3>\n\n\n\n<ul class=\"wp-block-list\">\n<li><strong>Jeunes enfants<\/strong> \u2192 Cambrils Bah\u00eda, La Llosa, Vilafortuny<\/li>\n\n\n\n<li><strong>Enfants 7\u201312 ans<\/strong> \u2192 Cap Salou, Platja Llarga, Barenys<\/li>\n\n\n\n<li><strong>Adolescents<\/strong> \u2192 Cap Salou ou La Pineda<\/li>\n\n\n\n<li><strong>Calme maximal<\/strong> \u2192 La Llosa ou Vilafortuny<\/li>\n\n\n\n<li><strong>Meilleur rapport espace\/prix<\/strong> \u2192 La Pineda<\/li>\n<\/ul>\n\n\n\n<p>Il n\u2019existe pas une seule \u201cmeilleure zone\u201d.<br>Il existe <strong>une meilleure d\u00e9cision selon votre famille<\/strong>.<\/p>\n\n\n\n<p><\/p>\n\n\n\n<h2 class=\"wp-block-heading\"><strong>Savez-vous d\u00e9j\u00e0 quelle zone correspond le mieux \u00e0 votre famille ?<\/strong><\/h2>\n\n\n\n<p>Une fois la zone choisie, il est essentiel de v\u00e9rifier si elle correspond \u00e0 la logistique r\u00e9elle du s\u00e9jour :<\/p>\n\n\n\n<p><strong><a href=\"https:\/\/blog.planetcostadorada.com\/fr\/logistique-familiale-costa-dorada\/\" target=\"_blank\" rel=\"noreferrer noopener\">Comment la logistique r\u00e9elle influence les vacances en famille sur la Costa Dorada<\/a><\/strong><\/p>\n\n\n\n<p><\/p>\n","protected":false},"excerpt":{"rendered":"<p>Comparaison r\u00e9elle selon le profil familial Si vous \u00eates d\u00e9j\u00e0 venus sur la Costa Dorada avec des enfants, votre probl\u00e8me&#8230;<\/p>\n","protected":false},"author":2,"featured_media":1353,"comment_status":"closed","ping_status":"closed","sticky":false,"template":"","format":"standard","meta":{"footnotes":""},"categories":[2],"tags":[90,52,56,93],"class_list":["post-1388","post","type-post","status-publish","format-standard","has-post-thumbnail","hentry","category-locations-vacances","tag-cambrils-fr","tag-costa-dorada-fr","tag-salou-fr","tag-vacaciones-fr"],"yoast_head":"<!-- This site is optimized with the Yoast SEO plugin v27.4 - https:\/\/yoast.com\/product\/yoast-seo-wordpress\/ -->\n<title>Quelle zone choisir sur la Costa Dorada avec enfants ?<\/title>\n<meta name=\"description\" content=\"Guide pratique pour choisir entre Salou, Cambrils et La Pineda selon l\u2019\u00e2ge des enfants et le style de vacances familiales.\" \/>\n<meta name=\"robots\" content=\"index, follow, max-snippet:-1, max-image-preview:large, max-video-preview:-1\" \/>\n<link rel=\"canonical\" href=\"https:\/\/blog.planetcostadorada.com\/fr\/quelle-zone-choisir-sur-la-costa-dorada-avec-enfants\/\" \/>\n<meta property=\"og:locale\" content=\"fr_FR\" \/>\n<meta property=\"og:type\" content=\"article\" \/>\n<meta property=\"og:title\" content=\"Quelle zone choisir sur la Costa Dorada avec enfants ?\" \/>\n<meta property=\"og:description\" content=\"Guide pratique pour choisir entre Salou, Cambrils et La Pineda selon l\u2019\u00e2ge des enfants et le style de vacances familiales.\" \/>\n<meta property=\"og:url\" content=\"https:\/\/blog.planetcostadorada.com\/fr\/quelle-zone-choisir-sur-la-costa-dorada-avec-enfants\/\" \/>\n<meta property=\"og:site_name\" content=\"Blog Planet Costa Dorada\" \/>\n<meta property=\"article:published_time\" content=\"2025-12-22T13:42:08+00:00\" \/>\n<meta property=\"article:modified_time\" content=\"2026-01-20T09:43:19+00:00\" \/>\n<meta property=\"og:image\" content=\"https:\/\/blog.planetcostadorada.com\/wp-content\/uploads\/2025\/12\/diciembre-3.jpg\" \/>\n\t<meta property=\"og:image:width\" content=\"1080\" \/>\n\t<meta property=\"og:image:height\" content=\"1350\" \/>\n\t<meta property=\"og:image:type\" content=\"image\/jpeg\" \/>\n<meta name=\"author\" content=\"planetcostadorada\" \/>\n<meta name=\"twitter:card\" content=\"summary_large_image\" \/>\n<meta name=\"twitter:label1\" content=\"\u00c9crit par\" \/>\n\t<meta name=\"twitter:data1\" content=\"planetcostadorada\" \/>\n\t<meta name=\"twitter:label2\" content=\"Dur\u00e9e de lecture estim\u00e9e\" \/>\n\t<meta name=\"twitter:data2\" content=\"4 minutes\" \/>\n<script type=\"application\/ld+json\" class=\"yoast-schema-graph\">{\"@context\":\"https:\\\/\\\/schema.org\",\"@graph\":[{\"@type\":\"Article\",\"@id\":\"https:\\\/\\\/blog.planetcostadorada.com\\\/fr\\\/quelle-zone-choisir-sur-la-costa-dorada-avec-enfants\\\/#article\",\"isPartOf\":{\"@id\":\"https:\\\/\\\/blog.planetcostadorada.com\\\/fr\\\/quelle-zone-choisir-sur-la-costa-dorada-avec-enfants\\\/\"},\"author\":{\"name\":\"planetcostadorada\",\"@id\":\"https:\\\/\\\/blog.planetcostadorada.com\\\/#\\\/schema\\\/person\\\/ce36d900627b74f1fea23646d15eca3a\"},\"headline\":\"Quelle zone de la Costa Dorada choisir avec des enfants si vous \u00eates d\u00e9j\u00e0 venus ?\",\"datePublished\":\"2025-12-22T13:42:08+00:00\",\"dateModified\":\"2026-01-20T09:43:19+00:00\",\"mainEntityOfPage\":{\"@id\":\"https:\\\/\\\/blog.planetcostadorada.com\\\/fr\\\/quelle-zone-choisir-sur-la-costa-dorada-avec-enfants\\\/\"},\"wordCount\":716,\"image\":{\"@id\":\"https:\\\/\\\/blog.planetcostadorada.com\\\/fr\\\/quelle-zone-choisir-sur-la-costa-dorada-avec-enfants\\\/#primaryimage\"},\"thumbnailUrl\":\"https:\\\/\\\/blog.planetcostadorada.com\\\/wp-content\\\/uploads\\\/2025\\\/12\\\/diciembre-3.jpg\",\"keywords\":[\"Cambrils\",\"Costa Dorada\",\"Salou\",\"Vacaciones\"],\"articleSection\":[\"Location de Vacances\"],\"inLanguage\":\"fr-FR\"},{\"@type\":\"WebPage\",\"@id\":\"https:\\\/\\\/blog.planetcostadorada.com\\\/fr\\\/quelle-zone-choisir-sur-la-costa-dorada-avec-enfants\\\/\",\"url\":\"https:\\\/\\\/blog.planetcostadorada.com\\\/fr\\\/quelle-zone-choisir-sur-la-costa-dorada-avec-enfants\\\/\",\"name\":\"Quelle zone choisir sur la Costa Dorada avec enfants ?\",\"isPartOf\":{\"@id\":\"https:\\\/\\\/blog.planetcostadorada.com\\\/#website\"},\"primaryImageOfPage\":{\"@id\":\"https:\\\/\\\/blog.planetcostadorada.com\\\/fr\\\/quelle-zone-choisir-sur-la-costa-dorada-avec-enfants\\\/#primaryimage\"},\"image\":{\"@id\":\"https:\\\/\\\/blog.planetcostadorada.com\\\/fr\\\/quelle-zone-choisir-sur-la-costa-dorada-avec-enfants\\\/#primaryimage\"},\"thumbnailUrl\":\"https:\\\/\\\/blog.planetcostadorada.com\\\/wp-content\\\/uploads\\\/2025\\\/12\\\/diciembre-3.jpg\",\"datePublished\":\"2025-12-22T13:42:08+00:00\",\"dateModified\":\"2026-01-20T09:43:19+00:00\",\"author\":{\"@id\":\"https:\\\/\\\/blog.planetcostadorada.com\\\/#\\\/schema\\\/person\\\/ce36d900627b74f1fea23646d15eca3a\"},\"description\":\"Guide pratique pour choisir entre Salou, Cambrils et La Pineda selon l\u2019\u00e2ge des enfants et le style de vacances familiales.\",\"breadcrumb\":{\"@id\":\"https:\\\/\\\/blog.planetcostadorada.com\\\/fr\\\/quelle-zone-choisir-sur-la-costa-dorada-avec-enfants\\\/#breadcrumb\"},\"inLanguage\":\"fr-FR\",\"potentialAction\":[{\"@type\":\"ReadAction\",\"target\":[\"https:\\\/\\\/blog.planetcostadorada.com\\\/fr\\\/quelle-zone-choisir-sur-la-costa-dorada-avec-enfants\\\/\"]}]},{\"@type\":\"ImageObject\",\"inLanguage\":\"fr-FR\",\"@id\":\"https:\\\/\\\/blog.planetcostadorada.com\\\/fr\\\/quelle-zone-choisir-sur-la-costa-dorada-avec-enfants\\\/#primaryimage\",\"url\":\"https:\\\/\\\/blog.planetcostadorada.com\\\/wp-content\\\/uploads\\\/2025\\\/12\\\/diciembre-3.jpg\",\"contentUrl\":\"https:\\\/\\\/blog.planetcostadorada.com\\\/wp-content\\\/uploads\\\/2025\\\/12\\\/diciembre-3.jpg\",\"width\":1080,\"height\":1350,\"caption\":\"Cuando ya conoces la Costa Dorada, la zona importa m\u00e1s que la playa en s\u00ed\"},{\"@type\":\"BreadcrumbList\",\"@id\":\"https:\\\/\\\/blog.planetcostadorada.com\\\/fr\\\/quelle-zone-choisir-sur-la-costa-dorada-avec-enfants\\\/#breadcrumb\",\"itemListElement\":[{\"@type\":\"ListItem\",\"position\":1,\"name\":\"Home\",\"item\":\"https:\\\/\\\/blog.planetcostadorada.com\\\/\"},{\"@type\":\"ListItem\",\"position\":2,\"name\":\"Quelle zone de la Costa Dorada choisir avec des enfants si vous \u00eates d\u00e9j\u00e0 venus ?\"}]},{\"@type\":\"WebSite\",\"@id\":\"https:\\\/\\\/blog.planetcostadorada.com\\\/#website\",\"url\":\"https:\\\/\\\/blog.planetcostadorada.com\\\/\",\"name\":\"Blog Planet Costa Dorada\",\"description\":\"Inspiraci\u00f3n para tus vacaciones en la Costa Dorada\",\"potentialAction\":[{\"@type\":\"SearchAction\",\"target\":{\"@type\":\"EntryPoint\",\"urlTemplate\":\"https:\\\/\\\/blog.planetcostadorada.com\\\/?s={search_term_string}\"},\"query-input\":{\"@type\":\"PropertyValueSpecification\",\"valueRequired\":true,\"valueName\":\"search_term_string\"}}],\"inLanguage\":\"fr-FR\"},{\"@type\":\"Person\",\"@id\":\"https:\\\/\\\/blog.planetcostadorada.com\\\/#\\\/schema\\\/person\\\/ce36d900627b74f1fea23646d15eca3a\",\"name\":\"planetcostadorada\",\"image\":{\"@type\":\"ImageObject\",\"inLanguage\":\"fr-FR\",\"@id\":\"https:\\\/\\\/secure.gravatar.com\\\/avatar\\\/0f9e6eb285fc4f9f85ce55f9b9fb4260221cbc0891780529c4a847381569f098?s=96&d=mm&r=g\",\"url\":\"https:\\\/\\\/secure.gravatar.com\\\/avatar\\\/0f9e6eb285fc4f9f85ce55f9b9fb4260221cbc0891780529c4a847381569f098?s=96&d=mm&r=g\",\"contentUrl\":\"https:\\\/\\\/secure.gravatar.com\\\/avatar\\\/0f9e6eb285fc4f9f85ce55f9b9fb4260221cbc0891780529c4a847381569f098?s=96&d=mm&r=g\",\"caption\":\"planetcostadorada\"},\"url\":\"https:\\\/\\\/blog.planetcostadorada.com\\\/fr\\\/author\\\/planetcostadorada\\\/\"}]}<\/script>\n<!-- \/ Yoast SEO plugin. -->","yoast_head_json":{"title":"Quelle zone choisir sur la Costa Dorada avec enfants ?","description":"Guide pratique pour choisir entre Salou, Cambrils et La Pineda selon l\u2019\u00e2ge des enfants et le style de vacances familiales.","robots":{"index":"index","follow":"follow","max-snippet":"max-snippet:-1","max-image-preview":"max-image-preview:large","max-video-preview":"max-video-preview:-1"},"canonical":"https:\/\/blog.planetcostadorada.com\/fr\/quelle-zone-choisir-sur-la-costa-dorada-avec-enfants\/","og_locale":"fr_FR","og_type":"article","og_title":"Quelle zone choisir sur la Costa Dorada avec enfants ?","og_description":"Guide pratique pour choisir entre Salou, Cambrils et La Pineda selon l\u2019\u00e2ge des enfants et le style de vacances familiales.","og_url":"https:\/\/blog.planetcostadorada.com\/fr\/quelle-zone-choisir-sur-la-costa-dorada-avec-enfants\/","og_site_name":"Blog Planet Costa Dorada","article_published_time":"2025-12-22T13:42:08+00:00","article_modified_time":"2026-01-20T09:43:19+00:00","og_image":[{"width":1080,"height":1350,"url":"https:\/\/blog.planetcostadorada.com\/wp-content\/uploads\/2025\/12\/diciembre-3.jpg","type":"image\/jpeg"}],"author":"planetcostadorada","twitter_card":"summary_large_image","twitter_misc":{"\u00c9crit par":"planetcostadorada","Dur\u00e9e de lecture estim\u00e9e":"4 minutes"},"schema":{"@context":"https:\/\/schema.org","@graph":[{"@type":"Article","@id":"https:\/\/blog.planetcostadorada.com\/fr\/quelle-zone-choisir-sur-la-costa-dorada-avec-enfants\/#article","isPartOf":{"@id":"https:\/\/blog.planetcostadorada.com\/fr\/quelle-zone-choisir-sur-la-costa-dorada-avec-enfants\/"},"author":{"name":"planetcostadorada","@id":"https:\/\/blog.planetcostadorada.com\/#\/schema\/person\/ce36d900627b74f1fea23646d15eca3a"},"headline":"Quelle zone de la Costa Dorada choisir avec des enfants si vous \u00eates d\u00e9j\u00e0 venus ?","datePublished":"2025-12-22T13:42:08+00:00","dateModified":"2026-01-20T09:43:19+00:00","mainEntityOfPage":{"@id":"https:\/\/blog.planetcostadorada.com\/fr\/quelle-zone-choisir-sur-la-costa-dorada-avec-enfants\/"},"wordCount":716,"image":{"@id":"https:\/\/blog.planetcostadorada.com\/fr\/quelle-zone-choisir-sur-la-costa-dorada-avec-enfants\/#primaryimage"},"thumbnailUrl":"https:\/\/blog.planetcostadorada.com\/wp-content\/uploads\/2025\/12\/diciembre-3.jpg","keywords":["Cambrils","Costa Dorada","Salou","Vacaciones"],"articleSection":["Location de Vacances"],"inLanguage":"fr-FR"},{"@type":"WebPage","@id":"https:\/\/blog.planetcostadorada.com\/fr\/quelle-zone-choisir-sur-la-costa-dorada-avec-enfants\/","url":"https:\/\/blog.planetcostadorada.com\/fr\/quelle-zone-choisir-sur-la-costa-dorada-avec-enfants\/","name":"Quelle zone choisir sur la Costa Dorada avec enfants ?","isPartOf":{"@id":"https:\/\/blog.planetcostadorada.com\/#website"},"primaryImageOfPage":{"@id":"https:\/\/blog.planetcostadorada.com\/fr\/quelle-zone-choisir-sur-la-costa-dorada-avec-enfants\/#primaryimage"},"image":{"@id":"https:\/\/blog.planetcostadorada.com\/fr\/quelle-zone-choisir-sur-la-costa-dorada-avec-enfants\/#primaryimage"},"thumbnailUrl":"https:\/\/blog.planetcostadorada.com\/wp-content\/uploads\/2025\/12\/diciembre-3.jpg","datePublished":"2025-12-22T13:42:08+00:00","dateModified":"2026-01-20T09:43:19+00:00","author":{"@id":"https:\/\/blog.planetcostadorada.com\/#\/schema\/person\/ce36d900627b74f1fea23646d15eca3a"},"description":"Guide pratique pour choisir entre Salou, Cambrils et La Pineda selon l\u2019\u00e2ge des enfants et le style de vacances familiales.","breadcrumb":{"@id":"https:\/\/blog.planetcostadorada.com\/fr\/quelle-zone-choisir-sur-la-costa-dorada-avec-enfants\/#breadcrumb"},"inLanguage":"fr-FR","potentialAction":[{"@type":"ReadAction","target":["https:\/\/blog.planetcostadorada.com\/fr\/quelle-zone-choisir-sur-la-costa-dorada-avec-enfants\/"]}]},{"@type":"ImageObject","inLanguage":"fr-FR","@id":"https:\/\/blog.planetcostadorada.com\/fr\/quelle-zone-choisir-sur-la-costa-dorada-avec-enfants\/#primaryimage","url":"https:\/\/blog.planetcostadorada.com\/wp-content\/uploads\/2025\/12\/diciembre-3.jpg","contentUrl":"https:\/\/blog.planetcostadorada.com\/wp-content\/uploads\/2025\/12\/diciembre-3.jpg","width":1080,"height":1350,"caption":"Cuando ya conoces la Costa Dorada, la zona importa m\u00e1s que la playa en s\u00ed"},{"@type":"BreadcrumbList","@id":"https:\/\/blog.planetcostadorada.com\/fr\/quelle-zone-choisir-sur-la-costa-dorada-avec-enfants\/#breadcrumb","itemListElement":[{"@type":"ListItem","position":1,"name":"Home","item":"https:\/\/blog.planetcostadorada.com\/"},{"@type":"ListItem","position":2,"name":"Quelle zone de la Costa Dorada choisir avec des enfants si vous \u00eates d\u00e9j\u00e0 venus ?"}]},{"@type":"WebSite","@id":"https:\/\/blog.planetcostadorada.com\/#website","url":"https:\/\/blog.planetcostadorada.com\/","name":"Blog Planet Costa Dorada","description":"Inspiraci\u00f3n para tus vacaciones en la Costa Dorada","potentialAction":[{"@type":"SearchAction","target":{"@type":"EntryPoint","urlTemplate":"https:\/\/blog.planetcostadorada.com\/?s={search_term_string}"},"query-input":{"@type":"PropertyValueSpecification","valueRequired":true,"valueName":"search_term_string"}}],"inLanguage":"fr-FR"},{"@type":"Person","@id":"https:\/\/blog.planetcostadorada.com\/#\/schema\/person\/ce36d900627b74f1fea23646d15eca3a","name":"planetcostadorada","image":{"@type":"ImageObject","inLanguage":"fr-FR","@id":"https:\/\/secure.gravatar.com\/avatar\/0f9e6eb285fc4f9f85ce55f9b9fb4260221cbc0891780529c4a847381569f098?s=96&d=mm&r=g","url":"https:\/\/secure.gravatar.com\/avatar\/0f9e6eb285fc4f9f85ce55f9b9fb4260221cbc0891780529c4a847381569f098?s=96&d=mm&r=g","contentUrl":"https:\/\/secure.gravatar.com\/avatar\/0f9e6eb285fc4f9f85ce55f9b9fb4260221cbc0891780529c4a847381569f098?s=96&d=mm&r=g","caption":"planetcostadorada"},"url":"https:\/\/blog.planetcostadorada.com\/fr\/author\/planetcostadorada\/"}]}},"_links":{"self":[{"href":"https:\/\/blog.planetcostadorada.com\/fr\/wp-json\/wp\/v2\/posts\/1388","targetHints":{"allow":["GET"]}}],"collection":[{"href":"https:\/\/blog.planetcostadorada.com\/fr\/wp-json\/wp\/v2\/posts"}],"about":[{"href":"https:\/\/blog.planetcostadorada.com\/fr\/wp-json\/wp\/v2\/types\/post"}],"author":[{"embeddable":true,"href":"https:\/\/blog.planetcostadorada.com\/fr\/wp-json\/wp\/v2\/users\/2"}],"replies":[{"embeddable":true,"href":"https:\/\/blog.planetcostadorada.com\/fr\/wp-json\/wp\/v2\/comments?post=1388"}],"version-history":[{"count":2,"href":"https:\/\/blog.planetcostadorada.com\/fr\/wp-json\/wp\/v2\/posts\/1388\/revisions"}],"predecessor-version":[{"id":1405,"href":"https:\/\/blog.planetcostadorada.com\/fr\/wp-json\/wp\/v2\/posts\/1388\/revisions\/1405"}],"wp:featuredmedia":[{"embeddable":true,"href":"https:\/\/blog.planetcostadorada.com\/fr\/wp-json\/wp\/v2\/media\/1353"}],"wp:attachment":[{"href":"https:\/\/blog.planetcostadorada.com\/fr\/wp-json\/wp\/v2\/media?parent=1388"}],"wp:term":[{"taxonomy":"category","embeddable":true,"href":"https:\/\/blog.planetcostadorada.com\/fr\/wp-json\/wp\/v2\/categories?post=1388"},{"taxonomy":"post_tag","embeddable":true,"href":"https:\/\/blog.planetcostadorada.com\/fr\/wp-json\/wp\/v2\/tags?post=1388"}],"curies":[{"name":"wp","href":"https:\/\/api.w.org\/{rel}","templated":true}]}}